{"id":1020,"date":"2017-05-04T09:56:31","date_gmt":"2017-05-04T07:56:31","guid":{"rendered":"http:\/\/aragonindustria40.es\/?p=1020"},"modified":"2017-07-10T09:31:04","modified_gmt":"2017-07-10T07:31:04","slug":"la-empresa-ide-electric-presenta-su-expansion-economica-e-internacionalizacion-gracias-a-la-idi","status":"publish","type":"post","link":"https:\/\/aragonindustria40.es\/index.php\/noticia\/la-empresa-ide-electric-presenta-su-expansion-economica-e-internacionalizacion-gracias-a-la-idi\/","title":{"rendered":"La empresa IDE Electric presenta su expansi\u00f3n econ\u00f3mica e internacionalizaci\u00f3n, gracias a la I+D+i"},"content":{"rendered":"<p class=\"fckJus\">Esta semana, hemos conocido la expansi\u00f3n que est\u00e1 realizando en Zuera IDE Electric, una empresa familiar aragonesa que cumple ya 30 a\u00f1os al servicio del sector el\u00e9ctrico. La compa\u00f1\u00eda, dedicada a la fabricaci\u00f3n y comercializaci\u00f3n de envolventes pl\u00e1sticos y met\u00e1licos para la distribuci\u00f3n el\u00e9ctrica en baja tensi\u00f3n y para el sector de las telecomunicaciones, ha incrementado su producci\u00f3n y la ha unificado junto a su almac\u00e9n log\u00edstico y las oficinas centrales en sus nuevas instalaciones del pol\u00edgono Los Huertos, en Zuera, que abarcan m\u00e1s de 65.000 metros cuadrados.<\/p>\n<p class=\"fckJus\">Desde 2015 hasta ahora, IDE Electric ha invertido en total 7,5 millones de euros en sus nuevas instalaciones, nueva maquinaria y nuevas l\u00edneas de productos, lo cual tambi\u00e9n ha llevado a la compa\u00f1\u00eda a aumentar progresivamente su plantilla de trabajadores, que ha crecido un 10% desde 2015, alcanzando actualmente 190 puestos de trabajo.<\/p>\n<p class=\"fckJus\">La consejera de Econom\u00eda e Industria del Gobierno de Arag\u00f3n, Marta Gast\u00f3n,\u00a0 ha comentado con los directivos de la compa\u00f1\u00eda que el expediente de solicitud de Incentivos Regionales elaborado desde el Departamento est\u00e1 ya a la espera de evaluaci\u00f3n en Madrid y que en funci\u00f3n de la cuant\u00eda de la ayuda estatal \u2013que al tratarse de una mediana empresa puede alcanzar hasta el 20% de la inversi\u00f3n subvencionable- se podr\u00e1 complementar despu\u00e9s con una ayuda auton\u00f3mica adicional.<\/p>\n<p class=\"fckJus\"><img data-recalc-dims=\"1\" loading=\"lazy\" decoding=\"async\" data-attachment-id=\"1022\" data-permalink=\"https:\/\/aragonindustria40.es\/index.php\/noticia\/la-empresa-ide-electric-presenta-su-expansion-economica-e-internacionalizacion-gracias-a-la-idi\/attachment\/imagenes_ide_4_8ec6760f\/\" data-orig-file=\"https:\/\/i0.wp.com\/aragonindustria40.es\/wp-content\/uploads\/2017\/05\/imagenes_IDE_4_8ec6760f.jpg?fit=920%2C575&amp;ssl=1\" data-orig-size=\"920,575\" data-comments-opened=\"1\" data-image-meta=\"{&quot;aperture&quot;:&quot;0&quot;,&quot;credit&quot;:&quot;&quot;,&quot;camera&quot;:&quot;&quot;,&quot;caption&quot;:&quot;&quot;,&quot;created_timestamp&quot;:&quot;0&quot;,&quot;copyright&quot;:&quot;&quot;,&quot;focal_length&quot;:&quot;0&quot;,&quot;iso&quot;:&quot;0&quot;,&quot;shutter_speed&quot;:&quot;0&quot;,&quot;title&quot;:&quot;&quot;,&quot;orientation&quot;:&quot;0&quot;}\" data-image-title=\"imagenes_IDE_4_8ec6760f\" data-image-description=\"\" data-image-caption=\"\" data-large-file=\"https:\/\/i0.wp.com\/aragonindustria40.es\/wp-content\/uploads\/2017\/05\/imagenes_IDE_4_8ec6760f.jpg?fit=525%2C328&amp;ssl=1\" class=\"alignnone size-full wp-image-1022\" src=\"https:\/\/i0.wp.com\/aragonindustria40.es\/wp-content\/uploads\/2017\/05\/imagenes_IDE_4_8ec6760f.jpg?resize=525%2C328&#038;ssl=1\" alt=\"\" width=\"525\" height=\"328\" srcset=\"https:\/\/i0.wp.com\/aragonindustria40.es\/wp-content\/uploads\/2017\/05\/imagenes_IDE_4_8ec6760f.jpg?w=920&amp;ssl=1 920w, https:\/\/i0.wp.com\/aragonindustria40.es\/wp-content\/uploads\/2017\/05\/imagenes_IDE_4_8ec6760f.jpg?resize=300%2C188&amp;ssl=1 300w, https:\/\/i0.wp.com\/aragonindustria40.es\/wp-content\/uploads\/2017\/05\/imagenes_IDE_4_8ec6760f.jpg?resize=768%2C480&amp;ssl=1 768w\" sizes=\"auto, (max-width: 767px) 89vw, (max-width: 1000px) 54vw, (max-width: 1071px) 543px, 580px\" \/><\/p>\n<p class=\"fckJus\">La consejera -acompa\u00f1ada por el director general de Econom\u00eda, Luis Lanaspa-\u00a0 ha sido recibida\u00a0 por el fundador de IDE, Alfonso Monta\u00f1\u00e9s, junto a sus hijas Raquel Monta\u00f1\u00e9s, directora general, y Beatriz Monta\u00f1\u00e9s, directora de exportaci\u00f3n, y tambi\u00e9n ha asistido el alcalde de Zuera, Luis Zubieta. Tras una presentaci\u00f3n corporativa, han recorrido las nuevas instalaciones del pol\u00edgono Los Huertos, donde siempre ha estado la producci\u00f3n en metal y el almac\u00e9n log\u00edstico y desde el pasado enero est\u00e1n ya tambi\u00e9n las oficinas centrales, a falta de culminar el pr\u00f3ximo verano el traslado a la nave ya concluida de la producci\u00f3n de pl\u00e1stico desde la antigua planta de Villanueva de G\u00e1llego.<\/p>\n<p class=\"fckJus\">La consejera ha celebrado caracter\u00edsticas de esta compa\u00f1\u00eda que desde el Departamento de Econom\u00eda se tratan de promover en todas las empresas aragonesas: el crecimiento, la internacionalizaci\u00f3n y la innovaci\u00f3n constante, adem\u00e1s de los valores propios de la responsabilidad social corporativa como la superaci\u00f3n, el trabajo en equipo o la b\u00fasqueda de la excelencia, as\u00ed como el respeto al respeto al medio ambiente.<\/p>\n<p class=\"fckJus\"><img data-recalc-dims=\"1\" loading=\"lazy\" decoding=\"async\" data-attachment-id=\"1023\" data-permalink=\"https:\/\/aragonindustria40.es\/index.php\/noticia\/la-empresa-ide-electric-presenta-su-expansion-economica-e-internacionalizacion-gracias-a-la-idi\/attachment\/imagenes_ide_5_0f8dad3a\/\" data-orig-file=\"https:\/\/i0.wp.com\/aragonindustria40.es\/wp-content\/uploads\/2017\/05\/imagenes_IDE_5_0f8dad3a.jpg?fit=920%2C575&amp;ssl=1\" data-orig-size=\"920,575\" data-comments-opened=\"1\" data-image-meta=\"{&quot;aperture&quot;:&quot;0&quot;,&quot;credit&quot;:&quot;&quot;,&quot;camera&quot;:&quot;&quot;,&quot;caption&quot;:&quot;&quot;,&quot;created_timestamp&quot;:&quot;0&quot;,&quot;copyright&quot;:&quot;&quot;,&quot;focal_length&quot;:&quot;0&quot;,&quot;iso&quot;:&quot;0&quot;,&quot;shutter_speed&quot;:&quot;0&quot;,&quot;title&quot;:&quot;&quot;,&quot;orientation&quot;:&quot;0&quot;}\" data-image-title=\"imagenes_IDE_5_0f8dad3a\" data-image-description=\"\" data-image-caption=\"\" data-large-file=\"https:\/\/i0.wp.com\/aragonindustria40.es\/wp-content\/uploads\/2017\/05\/imagenes_IDE_5_0f8dad3a.jpg?fit=525%2C328&amp;ssl=1\" class=\"alignnone size-full wp-image-1023\" src=\"https:\/\/i0.wp.com\/aragonindustria40.es\/wp-content\/uploads\/2017\/05\/imagenes_IDE_5_0f8dad3a.jpg?resize=525%2C328&#038;ssl=1\" alt=\"\" width=\"525\" height=\"328\" srcset=\"https:\/\/i0.wp.com\/aragonindustria40.es\/wp-content\/uploads\/2017\/05\/imagenes_IDE_5_0f8dad3a.jpg?w=920&amp;ssl=1 920w, https:\/\/i0.wp.com\/aragonindustria40.es\/wp-content\/uploads\/2017\/05\/imagenes_IDE_5_0f8dad3a.jpg?resize=300%2C188&amp;ssl=1 300w, https:\/\/i0.wp.com\/aragonindustria40.es\/wp-content\/uploads\/2017\/05\/imagenes_IDE_5_0f8dad3a.jpg?resize=768%2C480&amp;ssl=1 768w\" sizes=\"auto, (max-width: 767px) 89vw, (max-width: 1000px) 54vw, (max-width: 1071px) 543px, 580px\" \/><\/p>\n<p class=\"fckJus\">Con una vocaci\u00f3n exportadora merecedora de diversos reconocimientos a lo largo de su trayectoria, IDE vende sus productos en m\u00e1s de 60 pa\u00edses. Dedica al mercado exterior el 50% de su fabricaci\u00f3n y de esa mitad de la producci\u00f3n total, el 75% va a Europa Central, lo que ha llevado a la compa\u00f1\u00eda a establecer una filial con entidad propia en Alemania; IDE GmbH, con grandes resultados. Adem\u00e1s, IDE est\u00e1 presente cada a\u00f1o en las principales ferias internacionales.<\/p>\n<p class=\"fckJus\">Desde sus or\u00edgenes, esta empresa ha mantenido la iniciativa de invertir en dise\u00f1o e innovaci\u00f3n y en el desarrollo tecnol\u00f3gico tanto de sus productos como de sus procesos de fabricaci\u00f3n y ha desarrollado m\u00e1s de un centenar de patentes, aunque s\u00f3lo sigan vivas aproximadamente la mitad. Cuenta con una amplia gama de productos pl\u00e1sticos y met\u00e1licos dise\u00f1ados \u00edntegramente por el departamento propio de I+D+i, formado por un total de diez ingenieros que, adem\u00e1s de desarrollar nuevos productos, realizan proyectos especiales adaptados a las necesidades concretas del usuario final.<\/p>\n<p class=\"fckJus\">La familia Monta\u00f1\u00e9s ha explicado que aprovecharon los a\u00f1os de crisis para invertir a pesar de la ca\u00edda de las ventas en 2009 y enseguida pudieron comprobar el acierto en su estrategia dado el progresivo y continuo crecimiento de su facturaci\u00f3n a partir de 2010. La directora general ha avanzado que una vez culminen la ampliaci\u00f3n actual ya tienen previsto un nuevo programa de inversiones para los tres pr\u00f3ximos a\u00f1os no ya en infraestructuras ni maquinaria, sino en innovaci\u00f3n y desarrollo de nuevos productos.<\/p>\n<p class=\"fckJus\">\u201cEsta empresa \u2013ha concluido la consejera- supone mucho para la econom\u00eda aragonesa, es una marca para el municipio y el pol\u00edgono de Zuera y en no mucho tiempo tienen en mente seguir creciendo. Les acompa\u00f1a el producto, todo el proceso y el \u00e9xito que est\u00e1n teniendo en Espa\u00f1a y en el mercado internacional\u201d.<\/p>\n","protected":false},"excerpt":{"rendered":"<p>Esta semana, hemos conocido la expansi\u00f3n que est\u00e1 realizando en Zuera IDE Electric, una empresa familiar aragonesa que cumple ya 30 a\u00f1os al servicio del sector el\u00e9ctrico. La compa\u00f1\u00eda, dedicada &hellip; <\/p>\n<p class=\"link-more\"><a href=\"https:\/\/aragonindustria40.es\/index.php\/noticia\/la-empresa-ide-electric-presenta-su-expansion-economica-e-internacionalizacion-gracias-a-la-idi\/\" class=\"more-link\">Continuar leyendo<span class=\"screen-reader-text\"> \u00abLa empresa IDE Electric presenta su expansi\u00f3n econ\u00f3mica e internacionalizaci\u00f3n, gracias a la I+D+i\u00bb<\/span><\/a><\/p>\n","protected":false},"author":9,"featured_media":1087,"comment_status":"open","ping_status":"open","sticky":false,"template":"","format":"standard","meta":{"_acf_changed":false,"jetpack_post_was_ever_published":false,"_jetpack_newsletter_access":"","_jetpack_dont_email_post_to_subs":false,"_jetpack_newsletter_tier_id":0,"_jetpack_memberships_contains_paywalled_content":false,"_jetpack_memberships_contains_paid_content":false,"footnotes":"","jetpack_publicize_message":"","jetpack_publicize_feature_enabled":true,"jetpack_social_post_already_shared":false,"jetpack_social_options":{"image_generator_settings":{"template":"highway","default_image_id":0,"font":"","enabled":false},"version":2}},"categories":[8,11],"tags":[],"class_list":["post-1020","post","type-post","status-publish","format-standard","has-post-thumbnail","hentry","category-noticia","category-tecnologia"],"acf":[],"jetpack_publicize_connections":[],"jetpack_featured_media_url":"https:\/\/i0.wp.com\/aragonindustria40.es\/wp-content\/uploads\/2017\/05\/martagaston-en-ideelectric.jpg?fit=920%2C575&ssl=1","jetpack_sharing_enabled":true,"jetpack_shortlink":"https:\/\/wp.me\/p9QsgV-gs","_links":{"self":[{"href":"https:\/\/aragonindustria40.es\/index.php\/wp-json\/wp\/v2\/posts\/1020","targetHints":{"allow":["GET"]}}],"collection":[{"href":"https:\/\/aragonindustria40.es\/index.php\/wp-json\/wp\/v2\/posts"}],"about":[{"href":"https:\/\/aragonindustria40.es\/index.php\/wp-json\/wp\/v2\/types\/post"}],"author":[{"embeddable":true,"href":"https:\/\/aragonindustria40.es\/index.php\/wp-json\/wp\/v2\/users\/9"}],"replies":[{"embeddable":true,"href":"https:\/\/aragonindustria40.es\/index.php\/wp-json\/wp\/v2\/comments?post=1020"}],"version-history":[{"count":6,"href":"https:\/\/aragonindustria40.es\/index.php\/wp-json\/wp\/v2\/posts\/1020\/revisions"}],"predecessor-version":[{"id":1084,"href":"https:\/\/aragonindustria40.es\/index.php\/wp-json\/wp\/v2\/posts\/1020\/revisions\/1084"}],"wp:featuredmedia":[{"embeddable":true,"href":"https:\/\/aragonindustria40.es\/index.php\/wp-json\/wp\/v2\/media\/1087"}],"wp:attachment":[{"href":"https:\/\/aragonindustria40.es\/index.php\/wp-json\/wp\/v2\/media?parent=1020"}],"wp:term":[{"taxonomy":"category","embeddable":true,"href":"https:\/\/aragonindustria40.es\/index.php\/wp-json\/wp\/v2\/categories?post=1020"},{"taxonomy":"post_tag","embeddable":true,"href":"https:\/\/aragonindustria40.es\/index.php\/wp-json\/wp\/v2\/tags?post=1020"}],"curies":[{"name":"wp","href":"https:\/\/api.w.org\/{rel}","templated":true}]}}