{"id":1289,"date":"2017-07-10T13:25:04","date_gmt":"2017-07-10T11:25:04","guid":{"rendered":"http:\/\/aragonindustria40.es\/?p=1289"},"modified":"2017-07-13T09:52:19","modified_gmt":"2017-07-13T07:52:19","slug":"noticia-articulo-caso-de-exito-recurso","status":"publish","type":"post","link":"https:\/\/aragonindustria40.es\/index.php\/manual-del-editor\/noticia-articulo-caso-de-exito-recurso\/","title":{"rendered":"1. ENTRADAS: NOTICIA, ART\u00cdCULO, CASO DE \u00c9XITO \u00f3 RECURSO"},"content":{"rendered":"<p>Aparece en<\/p>\n<ul>\n<li>Portada (en su categor\u00eda correspondiente)<\/li>\n<li>P\u00e1gina accesible desde el men\u00fa superior<\/li>\n<li>Entrada \u00f3 ficha final.<\/li>\n<\/ul>\n<blockquote><p>TRUCO GEN\u00c9RICO:<\/p>\n<p>Si encuentras una entrada de esta misma categor\u00eda MUY PARECIDA\u00a0 al resultado final que le quieres dar, entonces, DUPL\u00cdCALA y modif\u00edcala a tu gusto antes de publicarla.<\/p><\/blockquote>\n<h2>T\u00edtulo<\/h2>\n<ul>\n<li>No hacer referencias relativas del tiempo: \u00abma\u00f1ana&#8230;\u00bb, \u00abayer&#8230;.\u00bb, \u00abel pr\u00f3ximo jueves&#8230;\u00bb, si no absolutas: \u00abel d\u00eda 4 de Junio del 2017&#8230;\u00bb ya que se leer\u00e1n seguro en un futuro incierto y dichas frases temporales pierden totalmente el contexto del t\u00edtulo.<\/li>\n<li>EVITAR todo en may\u00fasculas (salvo si s\u00f3lo aparecen acr\u00f3nimos).<\/li>\n<\/ul>\n<h2>Cuerpo\/Contenido<\/h2>\n<ul>\n<li>Comprueba por otras entradas si se sigue una estructura fija de apartados (por ejemplo, Casos de \u00e9xito hay un gui\u00f3n de apartados, Art\u00edculos hay referencia al autor y una url al original, si lo tuviera, etc, etc).<\/li>\n<li>Dividir las ideas en distintos p\u00e1rrafos y listar visualmente ciertos contenidos.<\/li>\n<li>Resaltar en negrita palabras o frases importantes.<\/li>\n<li>Si existen varias im\u00e1genes, recuerda que la m\u00e1s importante (y al menos una) hay que colocarla en \u00abimagen destacada\u00bb (lee m\u00e1s adelante). El resto ponerlas aqu\u00ed, pero previamente s\u00fabelas a multimedia &gt; biblioteca teniendo en cuenta los tama\u00f1os y las proporciones recomendadas (lee m\u00e1s adelante).<\/li>\n<li>Evitar subrayes textos o frases importantes ya que hacen creer que son hiperv\u00ednculos.<\/li>\n<li>A\u00f1adir los hiperv\u00ednculos que ayuden a profundizar en la noticia en el propio texto (nunca poniendo explicitamente direcciones URL) salvo en el caso de que sean la propia noticia. Por ejemplo: \u00abse ha inaugurado el portal web de Aragon Industria 4.0: <a href=\"http:\/\/www.aragonindustria40.es\" target=\"_blank\" rel=\"noopener\">http:\/\/www.aragonindustria40.es<\/a>\u00ab.<\/li>\n<li>Evitar poner URLS en texto sin que les hayas activado el propio hiperv\u00ednculo.<\/li>\n<li>Activa la opci\u00f3n de \u00ababrir en nueva pesta\u00f1a\/ventana\u00bb al editar el hiperv\u00ednculo (sobre todo para los casos de webs ajenas a aragonindustria40) ya que as\u00ed no perdemos al usuario de la web.<\/li>\n<li>No marcar esta opci\u00f3n si el hiperv\u00ednculo es interno al propio portal web (saltamos de una noticia a un habilitador, por ejemplo, dentro del dominio de \u00abwww.aragonindustria40.es\u00bb). Entonces no importa que se abra en la misma p\u00e1gina del navegador ya que el usuario permanecer\u00e1 en el portal web.<\/li>\n<\/ul>\n<h2>Categor\u00edas<\/h2>\n<p>Es la principal herramienta para que esta entrada aparezca correctamente en el listado correspondiente. Adem\u00e1s que se pueda cruzar \u00abhorizontalmente\u00bb por las tecnolog\u00edas de la Industria 4.0 para que, por ejemplo, si estoy interesado en \u00abRob\u00f3tica\u00bb me aparezcan filtradas las noticias, casos de \u00e9xito, habilitadores, eventos, etc&#8230; relacionados \u00fanicamente con dicha categor\u00eda de tecnolog\u00eda: \u00abRob\u00f3tica\u00bb (o con la gen\u00e9rica \u00abTecnolog\u00eda\u00bb).<\/p>\n<p>Seleccionar OBLIGATORIAMENTE lo siguiente:<\/p>\n<ul>\n<li><strong>Noticias <\/strong>\u00f3<strong> Caso de \u00e9xito <\/strong>\u00f3<strong> Recurso <\/strong>\u00f3<strong> Art\u00edculo<\/strong> (para que aparezca correctamente en todos sus sitios).<\/li>\n<li>Filtrar horizontalmente por la\/s tecnolog\u00eda\/s propias que definen a la Industria 4.0, para ello hay dos opciones NO CONCURRENTES:\n<ul>\n<li>O bien, seleccionas al menos una o varias entre:\n<ul>\n<li><strong>Big Data y An\u00e1lisis de Datos<\/strong><\/li>\n<li><strong>Ciberseguridad<\/strong><\/li>\n<li><strong>Computaci\u00f3n en la Nube<\/strong><\/li>\n<li><strong>Fabricaci\u00f3n Aditiva<\/strong><\/li>\n<li><strong>Integraci\u00f3n Horizontal y Vertical<\/strong><\/li>\n<li><strong>Internet de las Cosas (IoT)<\/strong><\/li>\n<li><strong>Realidad Aumentada<\/strong><\/li>\n<li><strong>Rob\u00f3tica<\/strong><\/li>\n<li><strong>Simulaci\u00f3n<\/strong><\/li>\n<\/ul>\n<\/li>\n<li>O bien, en caso de ser noticia gen\u00e9rica sobre Industria 4.0 o existen dudas sobre la tecnolog\u00eda a la que pertenece, seleccionar la categor\u00eda \u00abpadre\u00bb:\n<ul>\n<li><strong>Tecnolog\u00eda<\/strong><\/li>\n<\/ul>\n<\/li>\n<\/ul>\n<\/li>\n<li><strong><del>Sin categor\u00eda<\/del><\/strong> (recuerda comprobar que no est\u00e1 activada esta categor\u00eda por defecto)<\/li>\n<\/ul>\n<h2>Etiquetas<\/h2>\n<p>Sirve para que en un futuro se puedan \u00abcruzar\u00bb esta entrada por cada uno de los habilitadores, agentes socioecon\u00f3micos \u00f3 cl\u00fasteres.<\/p>\n<ul>\n<li>S\u00f3lo indicad el origen o fuente de esta entrada (qui\u00e9n la ha proporcionado) entre los habilitadores, agentes socioecon\u00f3micos o cl\u00fasteres disponibles. Si hay que a\u00f1adirlo nuevo con preferencia el Acr\u00f3nimo y con May\u00fasculas. Ejemplo: ITAINNOVA.<\/li>\n<li>NO A\u00d1ADIR ETIQUETAS de ning\u00fan tipo distinto al anterior.<\/li>\n<li>Recuerda\u00a0 comprobar que ya existe (evitar a\u00f1adir lo mismo pero con diferencias de may\u00fasculas, min\u00fasculas, tildes, etc&#8230;)<\/li>\n<\/ul>\n<h2>Imagen Destacada<\/h2>\n<p>Obligatorio poner una \u00abimagen destacada\u00bb ya que es la imagen que aparece en la portada, en su p\u00e1gina correspondiente (accediendo desde el men\u00fa superior) y en la \u00abficha\u00bb o entrada propiamente dicha .<\/p>\n<p>IMPORTANTE:<\/p>\n<ul>\n<li>formato preferible: <strong>PNG<\/strong> (abarca tanto im\u00e1genes predise\u00f1adas como fotograf\u00edas).<\/li>\n<li>tama\u00f1o m\u00e1ximo en Kb: cuanto menor, mejor (100Kb orientativo como alto).<\/li>\n<li>aspect ratio: <strong>16:9<\/strong> (como los nuevos televisores).<\/li>\n<li>(m\u00e1ximo) tama\u00f1o en p\u00edxeles: <strong>960 \u00d7 540 <\/strong>p\u00edxeles \u00f3 menor, como M\u00c1XIMO siempre el m\u00e1ximo tama\u00f1o en el que se mostrar\u00e1 en pantalla (NUNCA mayor: recuerda, WordPress no es un repositorio para guardar las im\u00e1genes originales, si no s\u00f3lo para las que se van a mostrar porque si no la base de datos explota). En este caso es de<\/li>\n<li>se puede recortar la imagen para obtener lo anterior, pero NUNCA cambiar tama\u00f1os de anchura o altura por separado (lo deforma) y MENOS ampliar la imagen (la difumina y distorsiona). Por favor, es fundamental tener buenas im\u00e1genes y perfectamente pretratadas.<\/li>\n<li>Se puede disminuir en pixels la imagen siempre que se haga proporcionalmente al aspect ratio 16:9<\/li>\n<li>Una vez subido a la \u00abbiblioteca multimedia\u00bb todav\u00eda tiene unos optimizadores por pulsar (\u00absmush it\u00bb) sobre la misma imagen.<\/li>\n<\/ul>\n<h2>Comprobaciones finales (checklist)<\/h2>\n<p>Seguir obligatoriamente los siguientes pasos:<\/p>\n<ul>\n<li>Ir guardando en \u00abBorrador\u00bb y antes de \u00abPublicar\u00bb comprobar \u00abVista Previa de los cambios\u00bb.<\/li>\n<li>Comprobar ortograf\u00eda, hiperv\u00ednculos, imagen en tama\u00f1o correcta y c\u00f3mo queda todo visualmente.<\/li>\n<li>Comprobar categor\u00edas: que est\u00e1 categorizado, adem\u00e1s, por alguna \u00abtecnolog\u00eda\u00bb.<\/li>\n<li>Comprobar etiquetas: s\u00f3lo qui\u00e9n suministr\u00f3 la noticia (habilitador, &#8230;.).<\/li>\n<li>Compararlo con otras entradas de esta misma categor\u00eda.<\/li>\n<li>Tras \u00abPublicar\u00bb, comprobar:\n<ol>\n<li>C\u00f3mo se ve en \u00abentradas &gt; todas las entradas\u00bb de Administraci\u00f3n, filtrando por esta categor\u00eda y compar\u00e1ndola con el resto de entradas (as\u00ed destaca si hay algo distinto al resto: ejemplo, t\u00edtulos en may\u00fasculas&#8230;).<\/li>\n<li>C\u00f3mo se ve en portada, en su apartado correspondiente.<\/li>\n<li>C\u00f3mo se ve en su p\u00e1gina (accediendo desde el men\u00fa superior), respecto del resto de su categor\u00eda.<\/li>\n<li>C\u00f3mo se ve en su ficha final (la propia entrada).<\/li>\n<li>Comprobar que en el men\u00fa inferior, al filtrar por una tecnolog\u00eda de las clasificadas, aparece.<\/li>\n<\/ol>\n<\/li>\n<\/ul>\n<p>&nbsp;<\/p>\n","protected":false},"excerpt":{"rendered":"<p>Aparece en Portada (en su categor\u00eda correspondiente) P\u00e1gina accesible desde el men\u00fa superior Entrada \u00f3 ficha final. TRUCO GEN\u00c9RICO: Si encuentras una entrada de esta misma categor\u00eda MUY PARECIDA\u00a0 al &hellip; <\/p>\n<p class=\"link-more\"><a href=\"https:\/\/aragonindustria40.es\/index.php\/manual-del-editor\/noticia-articulo-caso-de-exito-recurso\/\" class=\"more-link\">Continuar leyendo<span class=\"screen-reader-text\"> \u00ab1. ENTRADAS: NOTICIA, ART\u00cdCULO, CASO DE \u00c9XITO \u00f3 RECURSO\u00bb<\/span><\/a><\/p>\n","protected":false},"author":4,"featured_media":0,"comment_status":"closed","ping_status":"closed","sticky":false,"template":"","format":"standard","meta":{"_acf_changed":false,"jetpack_post_was_ever_published":false,"_jetpack_newsletter_access":"","_jetpack_dont_email_post_to_subs":false,"_jetpack_newsletter_tier_id":0,"_jetpack_memberships_contains_paywalled_content":false,"_jetpack_memberships_contains_paid_content":false,"footnotes":"","jetpack_publicize_message":"","jetpack_publicize_feature_enabled":true,"jetpack_social_post_already_shared":false,"jetpack_social_options":{"image_generator_settings":{"template":"highway","default_image_id":0,"font":"","enabled":false},"version":2}},"categories":[118],"tags":[],"class_list":["post-1289","post","type-post","status-publish","format-standard","hentry","category-manual-del-editor"],"acf":[],"jetpack_publicize_connections":[],"jetpack_featured_media_url":"","jetpack_sharing_enabled":true,"jetpack_shortlink":"https:\/\/wp.me\/p9QsgV-kN","_links":{"self":[{"href":"https:\/\/aragonindustria40.es\/index.php\/wp-json\/wp\/v2\/posts\/1289","targetHints":{"allow":["GET"]}}],"collection":[{"href":"https:\/\/aragonindustria40.es\/index.php\/wp-json\/wp\/v2\/posts"}],"about":[{"href":"https:\/\/aragonindustria40.es\/index.php\/wp-json\/wp\/v2\/types\/post"}],"author":[{"embeddable":true,"href":"https:\/\/aragonindustria40.es\/index.php\/wp-json\/wp\/v2\/users\/4"}],"replies":[{"embeddable":true,"href":"https:\/\/aragonindustria40.es\/index.php\/wp-json\/wp\/v2\/comments?post=1289"}],"version-history":[{"count":12,"href":"https:\/\/aragonindustria40.es\/index.php\/wp-json\/wp\/v2\/posts\/1289\/revisions"}],"predecessor-version":[{"id":1345,"href":"https:\/\/aragonindustria40.es\/index.php\/wp-json\/wp\/v2\/posts\/1289\/revisions\/1345"}],"wp:attachment":[{"href":"https:\/\/aragonindustria40.es\/index.php\/wp-json\/wp\/v2\/media?parent=1289"}],"wp:term":[{"taxonomy":"category","embeddable":true,"href":"https:\/\/aragonindustria40.es\/index.php\/wp-json\/wp\/v2\/categories?post=1289"},{"taxonomy":"post_tag","embeddable":true,"href":"https:\/\/aragonindustria40.es\/index.php\/wp-json\/wp\/v2\/tags?post=1289"}],"curies":[{"name":"wp","href":"https:\/\/api.w.org\/{rel}","templated":true}]}}