{"id":1331,"date":"2017-07-11T14:45:34","date_gmt":"2017-07-11T12:45:34","guid":{"rendered":"http:\/\/aragonindustria40.es\/?p=1331"},"modified":"2017-07-11T14:46:30","modified_gmt":"2017-07-11T12:46:30","slug":"evento-convocatoria-de-ayuda-feria-formacion-jornada","status":"publish","type":"post","link":"https:\/\/aragonindustria40.es\/index.php\/manual-del-editor\/evento-convocatoria-de-ayuda-feria-formacion-jornada\/","title":{"rendered":"3. EVENTOS: CONVOCATORIA DE AYUDA, FERIA, FORMACI\u00d3N, JORNADA"},"content":{"rendered":"<p>Se acceden desde \u00ab<strong><a href=\"https:\/\/aragonindustria40.es\/wp-admin\/\">Eventos<\/a><\/strong>\u00ab, no desde \u00abEntradas, en el men\u00fa izquierdo de la administraci\u00f3n del portal web (es un plugin de wordpress ya que se visualiza en un calendario).<\/p>\n<p>Aqu\u00ed se pone cualquier evento, es decir, aquello que tiene una fecha importante de inicio y una fecha importante de final.<\/p>\n<p>Aparece en<\/p>\n<ul>\n<li>Portada (sobre todo en las fechas futuras)<\/li>\n<li>P\u00e1gina accesible desde el men\u00fa superior<\/li>\n<li>Entrada \u00f3 ficha final.<\/li>\n<\/ul>\n<blockquote><p>TRUCO GEN\u00c9RICO (casi obligatorio):<\/p>\n<p>Si encuentras una entrada de esta misma categor\u00eda MUY PARECIDA\u00a0 al resultado final que le quieres dar, entonces, DUPL\u00cdCALA y modif\u00edcala a tu gusto antes de publicarla.<\/p><\/blockquote>\n<h2>T\u00edtulo<\/h2>\n<p>idem<\/p>\n<h2>Cuerpo\/Contenido<\/h2>\n<p>idem.<\/p>\n<p>En este caso, lleva una estructura HTML definida. Copia el contenido de otra entrada similar y cambia los contenidos (\u00f3 duplica evento).<\/p>\n<p>Recuerda poner de forma muy visible la agenda de la formaci\u00f3n, jornada, feria.<\/p>\n<h2>Categor\u00edas<\/h2>\n<p>idem.<\/p>\n<h2>Etiquetas<\/h2>\n<p>idem.<\/p>\n<p>comparte la de \u00abEntradas\u00bb con el autor\/origen de este evento<\/p>\n<h2>Imagen Destacada<\/h2>\n<p>idem.<\/p>\n<p>Esta vez en portada no aparece la imagen pero s\u00ed en la \u00abficha\u00bb.<\/p>\n<h2>Tiempo &amp; Fecha<\/h2>\n<p>Recordar que un evento con fecha inicial y fecha final se representar\u00e1 en el calendario mostrando cada d\u00eda intermedio dicho evento =&gt; MAL.<\/p>\n<p>Para mejorar su visualizaci\u00f3n en el calendario se determina que <strong>Start\/End<\/strong> tengan el mismo d\u00eda y sea lo siguiente:<\/p>\n<ul>\n<li>Convocatoria de Ayuda: Start\/End = Fecha l\u00edmite de plazo&#8230; (la m\u00e1s importante)<\/li>\n<li>Formaci\u00f3n: Start\/End = Fecha inicial.<\/li>\n<li>Jornada: Start\/End = en el mismo d\u00eda hora inicio y hora final<\/li>\n<li>Feria: Start\/End = Fecha inicial.<\/li>\n<\/ul>\n<p>Lo dem\u00e1s se especifica en el propio contenido\/cuerpo junto a la agenda.<\/p>\n<h2>P\u00e1gina Web del Evento<\/h2>\n<p>recuerda poner un hiperv\u00ednculo directo a la inscripci\u00f3n, registro, bases\u00a0 o p\u00e1gina oficial de dicho evento (curso, jornada, feria, convocatoria)<\/p>\n<h2>Comprobaciones finales (checklist)<\/h2>\n<p>idem, punto a punto.<\/p>\n","protected":false},"excerpt":{"rendered":"<p>Se acceden desde \u00abEventos\u00ab, no desde \u00abEntradas, en el men\u00fa izquierdo de la administraci\u00f3n del portal web (es un plugin de wordpress ya que se visualiza en un calendario). Aqu\u00ed &hellip; <\/p>\n<p class=\"link-more\"><a href=\"https:\/\/aragonindustria40.es\/index.php\/manual-del-editor\/evento-convocatoria-de-ayuda-feria-formacion-jornada\/\" class=\"more-link\">Continuar leyendo<span class=\"screen-reader-text\"> \u00ab3. EVENTOS: CONVOCATORIA DE AYUDA, FERIA, FORMACI\u00d3N, JORNADA\u00bb<\/span><\/a><\/p>\n","protected":false},"author":4,"featured_media":0,"comment_status":"closed","ping_status":"closed","sticky":false,"template":"","format":"standard","meta":{"_acf_changed":false,"jetpack_post_was_ever_published":false,"_jetpack_newsletter_access":"","_jetpack_dont_email_post_to_subs":false,"_jetpack_newsletter_tier_id":0,"_jetpack_memberships_contains_paywalled_content":false,"_jetpack_memberships_contains_paid_content":false,"footnotes":"","jetpack_publicize_message":"","jetpack_publicize_feature_enabled":true,"jetpack_social_post_already_shared":false,"jetpack_social_options":{"image_generator_settings":{"template":"highway","default_image_id":0,"font":"","enabled":false},"version":2}},"categories":[118],"tags":[],"class_list":["post-1331","post","type-post","status-publish","format-standard","hentry","category-manual-del-editor"],"acf":[],"jetpack_publicize_connections":[],"jetpack_featured_media_url":"","jetpack_sharing_enabled":true,"jetpack_shortlink":"https:\/\/wp.me\/p9QsgV-lt","_links":{"self":[{"href":"https:\/\/aragonindustria40.es\/index.php\/wp-json\/wp\/v2\/posts\/1331","targetHints":{"allow":["GET"]}}],"collection":[{"href":"https:\/\/aragonindustria40.es\/index.php\/wp-json\/wp\/v2\/posts"}],"about":[{"href":"https:\/\/aragonindustria40.es\/index.php\/wp-json\/wp\/v2\/types\/post"}],"author":[{"embeddable":true,"href":"https:\/\/aragonindustria40.es\/index.php\/wp-json\/wp\/v2\/users\/4"}],"replies":[{"embeddable":true,"href":"https:\/\/aragonindustria40.es\/index.php\/wp-json\/wp\/v2\/comments?post=1331"}],"version-history":[{"count":2,"href":"https:\/\/aragonindustria40.es\/index.php\/wp-json\/wp\/v2\/posts\/1331\/revisions"}],"predecessor-version":[{"id":1335,"href":"https:\/\/aragonindustria40.es\/index.php\/wp-json\/wp\/v2\/posts\/1331\/revisions\/1335"}],"wp:attachment":[{"href":"https:\/\/aragonindustria40.es\/index.php\/wp-json\/wp\/v2\/media?parent=1331"}],"wp:term":[{"taxonomy":"category","embeddable":true,"href":"https:\/\/aragonindustria40.es\/index.php\/wp-json\/wp\/v2\/categories?post=1331"},{"taxonomy":"post_tag","embeddable":true,"href":"https:\/\/aragonindustria40.es\/index.php\/wp-json\/wp\/v2\/tags?post=1331"}],"curies":[{"name":"wp","href":"https:\/\/api.w.org\/{rel}","templated":true}]}}