{"id":1597,"date":"2018-01-17T12:46:33","date_gmt":"2018-01-17T11:46:33","guid":{"rendered":"http:\/\/aragonindustria40.es\/?p=1597"},"modified":"2018-01-22T11:37:27","modified_gmt":"2018-01-22T10:37:27","slug":"el-sector-de-la-automocion-en-aragon-emprende-el-2018-con-la-vista-puesta-en-el-big-data-la-digitalizacion-y-la-industria-4-0","status":"publish","type":"post","link":"https:\/\/aragonindustria40.es\/index.php\/noticia\/el-sector-de-la-automocion-en-aragon-emprende-el-2018-con-la-vista-puesta-en-el-big-data-la-digitalizacion-y-la-industria-4-0\/","title":{"rendered":"El sector de la automoci\u00f3n en Arag\u00f3n emprende el 2018 con la vista puesta en la digitalizaci\u00f3n, el big data y la industria 4.0"},"content":{"rendered":"<p>El Cl\u00faster de Automoci\u00f3n de Arag\u00f3n (CAAR), que cuenta con 70 socios, entre empresas y centros tecnol\u00f3gicos, tiene para este a\u00f1o 2018 los siguientes hitos: Realizaci\u00f3n conjuntamente con el Cl\u00faster TIC TECNARA de un cat\u00e1logo de habilitadores digitales que permitir\u00e1 conocer las distintas herramientas tecnol\u00f3gicas que las empresas pueden incorporar para desarrollar sus estrategias de digitalizaci\u00f3n. Proyecto con ITAINNOVA de aplicaci\u00f3n de tecnolog\u00edas de Internet Industrial (IoT) y Big Data Analytics para la gesti\u00f3n de producci\u00f3n y\/o mantenimiento inteligente y, el tercero, desarrollo de un programa formativo en Internet de las cosas e Industria 4.0 que pasar\u00e1 a engrosar el cat\u00e1logo formativo de la CAAR Academy.<\/p>\n<p>En su balance de 2017, seg\u00fan su nota de prensa, destaca que \u201csiete han sido las empresas e instituciones que se han incorporado como nuevos socios al Cl\u00faster de Automoci\u00f3n de Arag\u00f3n (CAAR). Se trata de Grupo San Valero, Mecanizados Ejea, KDK, Modisprem, Tinkervan, Entrerr\u00edos Automatizaci\u00f3n y Proin Pinilla, a los que se suman tambi\u00e9n dos nuevos partners del Cl\u00faster, las empresas Inycom y Autom\u00f3viles S\u00e1nchez\u201d.<\/p>\n<p>Adem\u00e1s, recuerda que entre los principales proyectos realizados en 2017 destacan el primer programa de FP dual lanzado por CAAR en colaboraci\u00f3n con el Departamento de Educaci\u00f3n, Cultura y Deporte del Gobierno de Arag\u00f3n, los proyectos en el \u00e1rea de responsabilidad social empresarial \u2013el CAAR ha revalidado el sello RSA que concede el Gobierno de Arag\u00f3n a las entidades aragonesas socialmente responsables- o el hecho de que las empresas del Cl\u00faster hayan obtenido en las \u00faltimas convocatorias de ayudas auton\u00f3micas y nacionales 1,3 millones de euros en proyectos que les permitir\u00e1n seguir incorporando a sus productos y procesos los beneficios de la Industria 4.0.<\/p>\n<p>Durante los pr\u00f3ximos meses ser\u00e1 la generaci\u00f3n de negocio para los socios, con la participaci\u00f3n del CAAR en la Feria IZB de Wolfsburg (apadrinada por el grupo Volkswagen) o varias misiones comerciales para visitar a los principales fabricantes de equipos originales europeos y la regi\u00f3n de Guanajuato en M\u00e9xico, cuyo Cl\u00faster Automotriz (CLAUGTO) celebr\u00f3 una reuni\u00f3n de trabajo en Zaragoza con la organizaci\u00f3n aragonesa el pasado mes de noviembre. Todas estas iniciativas se desarrollar\u00e1n en colaboraci\u00f3n con Arag\u00f3n Exterior.<\/p>\n<p>En el \u00faltimo tramo de la Asamblea, celebrada semanas atr\u00e1s, la Asociaci\u00f3n Espa\u00f1ola de Proveedores de Automoci\u00f3n (SERNAUTO) present\u00f3 las principales conclusiones de la \u201cAgenda Sectorial de la Industria de Automoci\u00f3n\u201d, documento presentado conjuntamente con la Asociaci\u00f3n Espa\u00f1ola de Fabricantes de Autom\u00f3viles y Camiones (ANFAC) el pasado 27 de noviembre a la consejera de Econom\u00eda, Industria y Empleo del Gobierno de Arag\u00f3n. En \u00e9l se detallan los principales retos a los que se enfrenta el sector, incluyendo una hoja de ruta con propuestas espec\u00edficas para potenciar, a\u00fan m\u00e1s, la industria de automoci\u00f3n, destacando su importancia para seguir siendo l\u00edderes en el mundo. En este sentido, se proponen \u201c20 medidas para 2020\u201d, dirigidas a encauzar la industria del futuro a trav\u00e9s del incremento de la competitividad. Estas medidas est\u00e1n contempladas dentro de 7 l\u00edneas de acci\u00f3n prioritarias: productividad y flexibilidad; log\u00edstica; fiscalidad y financiaci\u00f3n; I+D+i; capital humano; internacionalizaci\u00f3n y regulaci\u00f3n.<\/p>\n<p><strong>Sobre el Cl\u00faster de Automoci\u00f3n de Arag\u00f3n, CAAR<\/strong><\/p>\n<p>El Cl\u00faster de Automoci\u00f3n de Arag\u00f3n (CAAR) agrupa a 70 socios: 63 empresas del sector automoci\u00f3n y 7 organismos auton\u00f3micos relacionados con esta producci\u00f3n. Con una facturaci\u00f3n agregada de m\u00e1s de 2.350 millones de euros y 9.800 empleados en total, responde a la concentraci\u00f3n de industrias del sector en Arag\u00f3n, agrupando a una parte considerable de las dedicadas a la fabricaci\u00f3n de componentes de automoci\u00f3n, as\u00ed como a otras directamente relacionadas con esta cadena de valor.<br \/>\nEntre sus objetivos est\u00e1n promover la cooperaci\u00f3n y colaboraci\u00f3n en proyectos entre empresas del sector de automoci\u00f3n de Arag\u00f3n optimizando la eficiencia de sus operaciones; fomentar la I+D+i y motivar el empleo de nuevas tecnolog\u00edas, as\u00ed como mejorar en la gesti\u00f3n y formaci\u00f3n de los recursos humanos y en la competitividad de sus empresas.<\/p>\n","protected":false},"excerpt":{"rendered":"<p>El Cl\u00faster de Automoci\u00f3n de Arag\u00f3n (CAAR), que cuenta con 70 socios, entre empresas y centros tecnol\u00f3gicos, tiene para este a\u00f1o 2018 los siguientes hitos: Realizaci\u00f3n conjuntamente con el Cl\u00faster &hellip; <\/p>\n<p class=\"link-more\"><a href=\"https:\/\/aragonindustria40.es\/index.php\/noticia\/el-sector-de-la-automocion-en-aragon-emprende-el-2018-con-la-vista-puesta-en-el-big-data-la-digitalizacion-y-la-industria-4-0\/\" class=\"more-link\">Continuar leyendo<span class=\"screen-reader-text\"> \u00abEl sector de la automoci\u00f3n en Arag\u00f3n emprende el 2018 con la vista puesta en la digitalizaci\u00f3n, el big data y la industria 4.0\u00bb<\/span><\/a><\/p>\n","protected":false},"author":9,"featured_media":1598,"comment_status":"open","ping_status":"open","sticky":false,"template":"","format":"standard","meta":{"_acf_changed":false,"jetpack_post_was_ever_published":false,"_jetpack_newsletter_access":"","_jetpack_dont_email_post_to_subs":false,"_jetpack_newsletter_tier_id":0,"_jetpack_memberships_contains_paywalled_content":false,"_jetpack_memberships_contains_paid_content":false,"footnotes":"","jetpack_publicize_message":"","jetpack_publicize_feature_enabled":true,"jetpack_social_post_already_shared":false,"jetpack_social_options":{"image_generator_settings":{"template":"highway","default_image_id":0,"font":"","enabled":false},"version":2}},"categories":[12,17,8],"tags":[],"class_list":["post-1597","post","type-post","status-publish","format-standard","has-post-thumbnail","hentry","category-big-data","category-internet-cosas","category-noticia"],"acf":[],"jetpack_publicize_connections":[],"jetpack_featured_media_url":"https:\/\/i0.wp.com\/aragonindustria40.es\/wp-content\/uploads\/2018\/01\/Foto-Asamblea-General-CAAR-20171219.jpg?fit=2510%2C1632&ssl=1","jetpack_sharing_enabled":true,"jetpack_shortlink":"https:\/\/wp.me\/p9QsgV-pL","_links":{"self":[{"href":"https:\/\/aragonindustria40.es\/index.php\/wp-json\/wp\/v2\/posts\/1597","targetHints":{"allow":["GET"]}}],"collection":[{"href":"https:\/\/aragonindustria40.es\/index.php\/wp-json\/wp\/v2\/posts"}],"about":[{"href":"https:\/\/aragonindustria40.es\/index.php\/wp-json\/wp\/v2\/types\/post"}],"author":[{"embeddable":true,"href":"https:\/\/aragonindustria40.es\/index.php\/wp-json\/wp\/v2\/users\/9"}],"replies":[{"embeddable":true,"href":"https:\/\/aragonindustria40.es\/index.php\/wp-json\/wp\/v2\/comments?post=1597"}],"version-history":[{"count":2,"href":"https:\/\/aragonindustria40.es\/index.php\/wp-json\/wp\/v2\/posts\/1597\/revisions"}],"predecessor-version":[{"id":1600,"href":"https:\/\/aragonindustria40.es\/index.php\/wp-json\/wp\/v2\/posts\/1597\/revisions\/1600"}],"wp:featuredmedia":[{"embeddable":true,"href":"https:\/\/aragonindustria40.es\/index.php\/wp-json\/wp\/v2\/media\/1598"}],"wp:attachment":[{"href":"https:\/\/aragonindustria40.es\/index.php\/wp-json\/wp\/v2\/media?parent=1597"}],"wp:term":[{"taxonomy":"category","embeddable":true,"href":"https:\/\/aragonindustria40.es\/index.php\/wp-json\/wp\/v2\/categories?post=1597"},{"taxonomy":"post_tag","embeddable":true,"href":"https:\/\/aragonindustria40.es\/index.php\/wp-json\/wp\/v2\/tags?post=1597"}],"curies":[{"name":"wp","href":"https:\/\/api.w.org\/{rel}","templated":true}]}}