{"id":2149,"date":"2019-05-14T13:49:19","date_gmt":"2019-05-14T11:49:19","guid":{"rendered":"http:\/\/aragonindustria40.es\/?p=2149"},"modified":"2019-05-14T13:53:36","modified_gmt":"2019-05-14T11:53:36","slug":"itainnova-lanza-lideres-4-0-un-programa-de-activacion-digital-de-empresas-e-industria-4-0","status":"publish","type":"post","link":"https:\/\/aragonindustria40.es\/index.php\/noticia\/itainnova-lanza-lideres-4-0-un-programa-de-activacion-digital-de-empresas-e-industria-4-0\/","title":{"rendered":"ITAINNOVA lanza L\u00edderes 4.0, un Programa de Activaci\u00f3n Digital de Empresas e Industria 4.0"},"content":{"rendered":"\n<div class=\"row\">\n<div class=\"col-md-12 col-sm-12 col-xs-12\">\n<p>El Instituto Tecnol\u00f3gico de Arag\u00f3n ITAINNOVA lanza L\u00edderes 4.0, un programa de activaci\u00f3n digital de empresas e industria 4.0. Se trata un itinerario formativo dise\u00f1ado para facilitar el cambio de manera r\u00e1pida y eficiente en todas las \u00e1reas de una organizaci\u00f3n.<\/p>\n<p>Los nuevos productos y servicios, la llegada de modelos de negocio disruptivos y la transformaci\u00f3n de las industrias se producen a un ritmo mucho m\u00e1s acelerado de lo que lo hacen las empresas, donde los cambios suelen ser graduales y sus estructuras evolucionan de forma escalonada.<\/p>\n<p>En un contexto en el que el cambio tecnol\u00f3gico cada d\u00eda va m\u00e1s deprisa y el 75% de las profesiones del futuro est\u00e1n todav\u00eda por construir, es fundamental que las empresas sepan que la transformaci\u00f3n digital no es posible sin personas que cuenten con los conocimientos t\u00e9cnicos, las herramientas y competencias transversales que les habiliten para participar activamente del cambio en sus organizaciones.<\/p>\n<p><img data-recalc-dims=\"1\" loading=\"lazy\" decoding=\"async\" data-attachment-id=\"2154\" data-permalink=\"https:\/\/aragonindustria40.es\/index.php\/noticia\/itainnova-lanza-lideres-4-0-un-programa-de-activacion-digital-de-empresas-e-industria-4-0\/attachment\/itainnova_equipo_lideres40-web\/\" data-orig-file=\"https:\/\/i0.wp.com\/aragonindustria40.es\/wp-content\/uploads\/2019\/05\/ITAINNOVA_EQUIPO_LIDERES40.web_.jpg?fit=1500%2C844&amp;ssl=1\" data-orig-size=\"1500,844\" data-comments-opened=\"0\" data-image-meta=\"{&quot;aperture&quot;:&quot;3.1&quot;,&quot;credit&quot;:&quot;&quot;,&quot;camera&quot;:&quot;DMC-FZ1000&quot;,&quot;caption&quot;:&quot;&quot;,&quot;created_timestamp&quot;:&quot;1557397106&quot;,&quot;copyright&quot;:&quot;&quot;,&quot;focal_length&quot;:&quot;13.97&quot;,&quot;iso&quot;:&quot;500&quot;,&quot;shutter_speed&quot;:&quot;0.0125&quot;,&quot;title&quot;:&quot;&quot;,&quot;orientation&quot;:&quot;0&quot;}\" data-image-title=\"ITAINNOVA_EQUIPO_LIDERES40.web\" data-image-description=\"\" data-image-caption=\"\" data-large-file=\"https:\/\/i0.wp.com\/aragonindustria40.es\/wp-content\/uploads\/2019\/05\/ITAINNOVA_EQUIPO_LIDERES40.web_.jpg?fit=525%2C295&amp;ssl=1\" class=\"alignnone size-full wp-image-2154\" src=\"https:\/\/i0.wp.com\/aragonindustria40.es\/wp-content\/uploads\/2019\/05\/ITAINNOVA_EQUIPO_LIDERES40.web_.jpg?resize=525%2C295&#038;ssl=1\" alt=\"\" width=\"525\" height=\"295\" srcset=\"https:\/\/i0.wp.com\/aragonindustria40.es\/wp-content\/uploads\/2019\/05\/ITAINNOVA_EQUIPO_LIDERES40.web_.jpg?w=1500&amp;ssl=1 1500w, https:\/\/i0.wp.com\/aragonindustria40.es\/wp-content\/uploads\/2019\/05\/ITAINNOVA_EQUIPO_LIDERES40.web_.jpg?resize=300%2C169&amp;ssl=1 300w, https:\/\/i0.wp.com\/aragonindustria40.es\/wp-content\/uploads\/2019\/05\/ITAINNOVA_EQUIPO_LIDERES40.web_.jpg?resize=768%2C432&amp;ssl=1 768w, https:\/\/i0.wp.com\/aragonindustria40.es\/wp-content\/uploads\/2019\/05\/ITAINNOVA_EQUIPO_LIDERES40.web_.jpg?resize=1024%2C576&amp;ssl=1 1024w\" sizes=\"auto, (max-width: 767px) 89vw, (max-width: 1000px) 54vw, (max-width: 1071px) 543px, 580px\" \/><\/p>\n<p>\u00a0<\/p>\n<p><span style=\"color: #23282d; font-size: 1.6em; font-weight: 600;\">METODOLOG\u00cdA<\/span><\/p>\n<\/div>\n<\/div>\n<div class=\"contenido-cursos\">\n<p>L\u00edderes 4.0 ha sido\u00a0<strong>dise\u00f1ado para ser 100% compatible con el desarrollo de la actividad profesional de los alumnos\u00a0<\/strong>durante el periodo de formaci\u00f3n, por lo que su\u00a0<strong>formato\u00a0<\/strong>es de car\u00e1cter\u00a0<strong>semipresencial\u00a0<\/strong>y combina:<\/p>\n<ul>\n<li><strong>Sesiones presenciales\u00a0<\/strong>en nuestras instalaciones, que los alumnos vivir\u00e1n en los \u00ab<strong>Smart Labs ITAINNOVA\u00bb<\/strong>, espacios generadores de verdaderos ecosistemas de innovaci\u00f3n.<\/li>\n<li>La\u00a0<strong>formaci\u00f3n online<\/strong>, que se realizar\u00e1\u00a0<strong>a trav\u00e9s de la Plataforma de Formaci\u00f3n de ITAINNOVA<\/strong>, con un plan de actividades de\u00a0<strong>aprendizaje abierto a la colaboraci\u00f3n, la creaci\u00f3n de comunidades profesionales que aprenden juntas<\/strong>, y la transformaci\u00f3n digital de las empresas.<\/li>\n<li>Un plan de<strong>\u00a0actividades de aprendizaje abierto a la colaboraci\u00f3n, la creaci\u00f3n de comunidades profesionales\u00a0<\/strong>que aprenden juntas.\u00a0<\/li>\n<li>Experiencias de aprendizaje orientadas al\u00a0<strong>desarrollo y la mejora de competencias t\u00e9cnicas y transversales<\/strong>\u00a0de los trabajadores\u00a0y trabajadoras 4.0.<\/li>\n<\/ul>\n<p><img data-recalc-dims=\"1\" loading=\"lazy\" decoding=\"async\" data-attachment-id=\"2155\" data-permalink=\"https:\/\/aragonindustria40.es\/index.php\/noticia\/itainnova-lanza-lideres-4-0-un-programa-de-activacion-digital-de-empresas-e-industria-4-0\/attachment\/itainnova_equipo_lideres40-2-web\/\" data-orig-file=\"https:\/\/i0.wp.com\/aragonindustria40.es\/wp-content\/uploads\/2019\/05\/ITAINNOVA_EQUIPO_LIDERES40.2.web_.jpg?fit=1500%2C844&amp;ssl=1\" data-orig-size=\"1500,844\" data-comments-opened=\"0\" data-image-meta=\"{&quot;aperture&quot;:&quot;2.8&quot;,&quot;credit&quot;:&quot;&quot;,&quot;camera&quot;:&quot;DMC-FZ1000&quot;,&quot;caption&quot;:&quot;&quot;,&quot;created_timestamp&quot;:&quot;1557397291&quot;,&quot;copyright&quot;:&quot;&quot;,&quot;focal_length&quot;:&quot;9.12&quot;,&quot;iso&quot;:&quot;125&quot;,&quot;shutter_speed&quot;:&quot;0.016666666666667&quot;,&quot;title&quot;:&quot;&quot;,&quot;orientation&quot;:&quot;0&quot;}\" data-image-title=\"ITAINNOVA_EQUIPO_LIDERES40.2.web\" data-image-description=\"\" data-image-caption=\"\" data-large-file=\"https:\/\/i0.wp.com\/aragonindustria40.es\/wp-content\/uploads\/2019\/05\/ITAINNOVA_EQUIPO_LIDERES40.2.web_.jpg?fit=525%2C295&amp;ssl=1\" class=\"alignnone size-full wp-image-2155\" src=\"https:\/\/i0.wp.com\/aragonindustria40.es\/wp-content\/uploads\/2019\/05\/ITAINNOVA_EQUIPO_LIDERES40.2.web_.jpg?resize=525%2C295&#038;ssl=1\" alt=\"\" width=\"525\" height=\"295\" srcset=\"https:\/\/i0.wp.com\/aragonindustria40.es\/wp-content\/uploads\/2019\/05\/ITAINNOVA_EQUIPO_LIDERES40.2.web_.jpg?w=1500&amp;ssl=1 1500w, https:\/\/i0.wp.com\/aragonindustria40.es\/wp-content\/uploads\/2019\/05\/ITAINNOVA_EQUIPO_LIDERES40.2.web_.jpg?resize=300%2C169&amp;ssl=1 300w, https:\/\/i0.wp.com\/aragonindustria40.es\/wp-content\/uploads\/2019\/05\/ITAINNOVA_EQUIPO_LIDERES40.2.web_.jpg?resize=768%2C432&amp;ssl=1 768w, https:\/\/i0.wp.com\/aragonindustria40.es\/wp-content\/uploads\/2019\/05\/ITAINNOVA_EQUIPO_LIDERES40.2.web_.jpg?resize=1024%2C576&amp;ssl=1 1024w\" sizes=\"auto, (max-width: 767px) 89vw, (max-width: 1000px) 54vw, (max-width: 1071px) 543px, 580px\" \/><\/p>\n<\/div>\n<h2>Programa<\/h2>\n<div class=\"contenido-cursos\">\n<p><strong>Una combinaci\u00f3n de contenidos t\u00e9cnicos y pr\u00e1cticos desarrollados por especialistas\u00a0<\/strong>en las \u00e1reas de conocimiento que se abordan en el programa,\u00a0<strong>y que han sido dise\u00f1ados para responder a las necesidades reales de las empresas<\/strong>, en base a la experiencia que hemos adquirido junto a ellas a lo largo de todos estos a\u00f1os.<\/p>\n<p><strong>Experiencias de aprendizaje orientadas al desarrollo y la mejora de competencias\u00a0<\/strong>t\u00e9cnicas y transversales.<\/p>\n<p>Una\u00a0<strong>formaci\u00f3n que debe extenderse en todas las \u00e1reas de la empresa<\/strong>. Por esta raz\u00f3n, este programa est\u00e1 integrado por\u00a0<em><strong>cinco itinerarios formativos independientes\u00a0<\/strong><\/em>que, adem\u00e1s de capacitar en los\u00a0<strong>conocimientos te\u00f3ricos y t\u00e9cnicos\u00a0<\/strong><strong>espec\u00edficos de las tecnolog\u00edas \u00ab<\/strong><strong>habilitadoras\u00bb<\/strong>, asegurar\u00e1 la formaci\u00f3n en otras\u00a0<strong>competencias complementarias\u00a0<\/strong>que hacen que un trabajador desarrolle de forma eficaz su trabajo.<\/p>\n<p><strong>Cada itinerario formativo\u00a0<\/strong>tiene una carga lectiva de\u00a0<strong>130 horas, 80 horas de formaci\u00f3n semipresencial y 50\u00a0<\/strong><strong>horas para realizar un proyecto final\u00a0<\/strong>de implantaci\u00f3n de la industria 4.0 en su empresa<\/p>\n<p><a href=\"https:\/\/www.itainnova.es\/es\/formacion\/1880--itinerario-formativo-big-data-y-ciberseguridad-para-procesos-industriales\"><strong>1- Big Data y Ciberseguridad para procesos industriales<\/strong><\/a><\/p>\n<p><a href=\"https:\/\/www.itainnova.es\/es\/formacion\/1881-itinerario-formativo-tecnologias-avanzadas-de-aplicacion-logistica\"><strong>2- Tecnolog\u00edas avanzadas de aplicaci\u00f3n log\u00edstica<\/strong><\/a><\/p>\n<p><a href=\"https:\/\/www.itainnova.es\/es\/formacion\/1882-itinerario-formativo-productos-y-procesos-inteligentes\"><strong>3- Productos y procesos inteligentes<\/strong><\/a><\/p>\n<p><a href=\"https:\/\/www.itainnova.es\/es\/formacion\/1883-itinerario-formativo-tecnologias-para-produccion\"><strong>4- Tecnolog\u00edas para producci\u00f3n\u00a0<\/strong><\/a><\/p>\n<p><a href=\"https:\/\/www.itainnova.es\/es\/formacion\/1884-itinerario-formativo-transformacion-de-la-organizacion-y-gestion-del-cambio-en-el-ambito-de-la-digitalizacion-industrial\"><strong>5- Transformaci\u00f3n de la organizaci\u00f3n y gesti\u00f3n del cambio en el \u00e1mbito de la digitalizaci\u00f3n industrial<\/strong><\/a><\/p>\n<p>La finalizaci\u00f3n con \u00e9xito de cada m\u00f3dulo, supondr\u00e1 la\u00a0<strong>certificaci\u00f3n de horas de formaci\u00f3n<\/strong>\u00a0y la emisi\u00f3n de una\u00a0<strong>credencial digital abierta en Industria 4.0<\/strong>,\u00a0como reconocimiento al aprendizaje adquirido.<\/p>\n<\/div>\n<h2>Dirigido a<\/h2>\n<div class=\"contenido-cursos\">\n<p><strong>L\u00edderes 4.0 es para ti si&#8230;<\/strong><\/p>\n<ul>\n<li><strong>Eres un Directivo, Responsable o Gestor de Proyectos\u00a0<\/strong>que quiere conocer de cerca las oportunidades que brinda la Industria 4.0 y activar un proyecto de transformaci\u00f3n digital en tu organizaci\u00f3n.<\/li>\n<li><strong>Eres un t\u00e9cnico o especialista\u00a0<\/strong>y buscas actualizar tus conocimientos para ser capaz de conectarlos con otras \u00e1reas de tu empresa.<\/li>\n<li><strong>Eres un Profesional de cualquier \u00e1mbito empresarial que quiere convertirse en un agente real de cambio\u00a0<\/strong>dentro de la empresa en la que trabajas y desplegar en ella un proyecto de transformaci\u00f3n digital.<\/li>\n<li><strong>Buscas evolucionar como profesional, dar el siguiente paso en tu carrera y quieres convertirte en un l\u00edder 4.0.<\/strong><\/li>\n<\/ul>\n<\/div>\n<p>M\u00e1s informaci\u00f3n:\u00a0<\/p>\n<p><a href=\"https:\/\/www.itainnova.es\/es\/formacion\/1879-lideres-40-programa-de-activacion-digital-de-empresas-e-industria-40\">https:\/\/www.itainnova.es\/es\/formacion\/1879-lideres-40-programa-de-activacion-digital-de-empresas-e-industria-40<\/a><\/p>\n","protected":false},"excerpt":{"rendered":"<p>El Instituto Tecnol\u00f3gico de Arag\u00f3n ITAINNOVA lanza L\u00edderes 4.0, un programa de activaci\u00f3n digital de empresas e industria 4.0. Se trata un itinerario formativo dise\u00f1ado para facilitar el cambio de &hellip; <\/p>\n<p class=\"link-more\"><a href=\"https:\/\/aragonindustria40.es\/index.php\/noticia\/itainnova-lanza-lideres-4-0-un-programa-de-activacion-digital-de-empresas-e-industria-4-0\/\" class=\"more-link\">Continuar leyendo<span class=\"screen-reader-text\"> \u00abITAINNOVA lanza L\u00edderes 4.0, un Programa de Activaci\u00f3n Digital de Empresas e Industria 4.0\u00bb<\/span><\/a><\/p>\n","protected":false},"author":9,"featured_media":2150,"comment_status":"closed","ping_status":"open","sticky":false,"template":"","format":"standard","meta":{"_acf_changed":false,"jetpack_post_was_ever_published":false,"_jetpack_newsletter_access":"","_jetpack_dont_email_post_to_subs":false,"_jetpack_newsletter_tier_id":0,"_jetpack_memberships_contains_paywalled_content":false,"_jetpack_memberships_contains_paid_content":false,"footnotes":"","jetpack_publicize_message":"","jetpack_publicize_feature_enabled":true,"jetpack_social_post_already_shared":true,"jetpack_social_options":{"image_generator_settings":{"template":"highway","default_image_id":0,"font":"","enabled":false},"version":2}},"categories":[8],"tags":[121,120,173],"class_list":["post-2149","post","type-post","status-publish","format-standard","has-post-thumbnail","hentry","category-noticia","tag-industria-4-0","tag-industria40","tag-lideres-4-0"],"acf":[],"jetpack_publicize_connections":[],"jetpack_featured_media_url":"https:\/\/i0.wp.com\/aragonindustria40.es\/wp-content\/uploads\/2019\/05\/LIDERES40_ALUMNA_ITAINNOVA_WEB.jpg?fit=2000%2C1377&ssl=1","jetpack_sharing_enabled":true,"jetpack_shortlink":"https:\/\/wp.me\/p9QsgV-yF","_links":{"self":[{"href":"https:\/\/aragonindustria40.es\/index.php\/wp-json\/wp\/v2\/posts\/2149","targetHints":{"allow":["GET"]}}],"collection":[{"href":"https:\/\/aragonindustria40.es\/index.php\/wp-json\/wp\/v2\/posts"}],"about":[{"href":"https:\/\/aragonindustria40.es\/index.php\/wp-json\/wp\/v2\/types\/post"}],"author":[{"embeddable":true,"href":"https:\/\/aragonindustria40.es\/index.php\/wp-json\/wp\/v2\/users\/9"}],"replies":[{"embeddable":true,"href":"https:\/\/aragonindustria40.es\/index.php\/wp-json\/wp\/v2\/comments?post=2149"}],"version-history":[{"count":2,"href":"https:\/\/aragonindustria40.es\/index.php\/wp-json\/wp\/v2\/posts\/2149\/revisions"}],"predecessor-version":[{"id":2156,"href":"https:\/\/aragonindustria40.es\/index.php\/wp-json\/wp\/v2\/posts\/2149\/revisions\/2156"}],"wp:featuredmedia":[{"embeddable":true,"href":"https:\/\/aragonindustria40.es\/index.php\/wp-json\/wp\/v2\/media\/2150"}],"wp:attachment":[{"href":"https:\/\/aragonindustria40.es\/index.php\/wp-json\/wp\/v2\/media?parent=2149"}],"wp:term":[{"taxonomy":"category","embeddable":true,"href":"https:\/\/aragonindustria40.es\/index.php\/wp-json\/wp\/v2\/categories?post=2149"},{"taxonomy":"post_tag","embeddable":true,"href":"https:\/\/aragonindustria40.es\/index.php\/wp-json\/wp\/v2\/tags?post=2149"}],"curies":[{"name":"wp","href":"https:\/\/api.w.org\/{rel}","templated":true}]}}