{"id":2515,"date":"2022-03-18T12:31:14","date_gmt":"2022-03-18T11:31:14","guid":{"rendered":"http:\/\/aragonindustria40.es\/?p=2515"},"modified":"2022-03-18T12:32:56","modified_gmt":"2022-03-18T11:32:56","slug":"nueva-convocatoria-de-ayudas-del-programa-kit-digital","status":"publish","type":"post","link":"https:\/\/aragonindustria40.es\/index.php\/noticia\/nueva-convocatoria-de-ayudas-del-programa-kit-digital\/","title":{"rendered":"Nueva convocatoria de ayudas del Programa KIT DIGITAL"},"content":{"rendered":"<p>El Gobierno de Espa\u00f1a a trav\u00e9s del Ministerio de Asuntos Econ\u00f3micos y Transformaci\u00f3n Digital lanza la primera convocatoria de ayudas del Programa Kit Digital. El plazo para presentar las solicitudes se inicia el 15 de marzo en la sede electr\u00f3nica de Red.es. Para mayor informaci\u00f3n, seguir estos enlaces <a href=\"https:\/\/red.es\/es\/actualidad\/noticias\/se-abre-el-plazo-para-solicitar-las-primeras-ayudas-de-kit-digital-para\">(1)<\/a> y <a href=\"https:\/\/www.acelerapyme.gob.es\/kit-digital\">(2)<\/a>.<\/p>\n\n\n<p><\/p>\n","protected":false},"excerpt":{"rendered":"<p>El Gobierno de Espa\u00f1a a trav\u00e9s del Ministerio de Asuntos Econ\u00f3micos y Transformaci\u00f3n Digital lanza la primera convocatoria de ayudas del Programa Kit Digital. El plazo para presentar las solicitudes &hellip; <\/p>\n<p class=\"link-more\"><a href=\"https:\/\/aragonindustria40.es\/index.php\/noticia\/nueva-convocatoria-de-ayudas-del-programa-kit-digital\/\" class=\"more-link\">Continuar leyendo<span class=\"screen-reader-text\"> \u00abNueva convocatoria de ayudas del Programa KIT DIGITAL\u00bb<\/span><\/a><\/p>\n","protected":false},"author":10,"featured_media":2516,"comment_status":"open","ping_status":"open","sticky":false,"template":"","format":"standard","meta":{"_acf_changed":false,"jetpack_post_was_ever_published":false,"_jetpack_newsletter_access":"","_jetpack_dont_email_post_to_subs":false,"_jetpack_newsletter_tier_id":0,"_jetpack_memberships_contains_paywalled_content":false,"_jetpack_memberships_contains_paid_content":false,"footnotes":"","jetpack_publicize_message":"","jetpack_publicize_feature_enabled":true,"jetpack_social_post_already_shared":false,"jetpack_social_options":{"image_generator_settings":{"template":"highway","default_image_id":0,"font":"","enabled":false},"version":2}},"categories":[8],"tags":[],"class_list":["post-2515","post","type-post","status-publish","format-standard","has-post-thumbnail","hentry","category-noticia"],"acf":[],"jetpack_publicize_connections":[],"jetpack_featured_media_url":"https:\/\/i0.wp.com\/aragonindustria40.es\/wp-content\/uploads\/2022\/03\/Kit-digital-red-es.png?fit=886%2C328&ssl=1","jetpack_sharing_enabled":true,"jetpack_shortlink":"https:\/\/wp.me\/p9QsgV-Ez","_links":{"self":[{"href":"https:\/\/aragonindustria40.es\/index.php\/wp-json\/wp\/v2\/posts\/2515","targetHints":{"allow":["GET"]}}],"collection":[{"href":"https:\/\/aragonindustria40.es\/index.php\/wp-json\/wp\/v2\/posts"}],"about":[{"href":"https:\/\/aragonindustria40.es\/index.php\/wp-json\/wp\/v2\/types\/post"}],"author":[{"embeddable":true,"href":"https:\/\/aragonindustria40.es\/index.php\/wp-json\/wp\/v2\/users\/10"}],"replies":[{"embeddable":true,"href":"https:\/\/aragonindustria40.es\/index.php\/wp-json\/wp\/v2\/comments?post=2515"}],"version-history":[{"count":2,"href":"https:\/\/aragonindustria40.es\/index.php\/wp-json\/wp\/v2\/posts\/2515\/revisions"}],"predecessor-version":[{"id":2518,"href":"https:\/\/aragonindustria40.es\/index.php\/wp-json\/wp\/v2\/posts\/2515\/revisions\/2518"}],"wp:featuredmedia":[{"embeddable":true,"href":"https:\/\/aragonindustria40.es\/index.php\/wp-json\/wp\/v2\/media\/2516"}],"wp:attachment":[{"href":"https:\/\/aragonindustria40.es\/index.php\/wp-json\/wp\/v2\/media?parent=2515"}],"wp:term":[{"taxonomy":"category","embeddable":true,"href":"https:\/\/aragonindustria40.es\/index.php\/wp-json\/wp\/v2\/categories?post=2515"},{"taxonomy":"post_tag","embeddable":true,"href":"https:\/\/aragonindustria40.es\/index.php\/wp-json\/wp\/v2\/tags?post=2515"}],"curies":[{"name":"wp","href":"https:\/\/api.w.org\/{rel}","templated":true}]}}