{"id":626,"date":"2017-03-17T14:14:26","date_gmt":"2017-03-17T13:14:26","guid":{"rendered":"http:\/\/aragonindustria40.es\/?p=626"},"modified":"2017-05-08T11:32:14","modified_gmt":"2017-05-08T09:32:14","slug":"caar-cluster-de-automocion-de-aragon","status":"publish","type":"post","link":"https:\/\/aragonindustria40.es\/index.php\/cluster\/caar-cluster-de-automocion-de-aragon\/","title":{"rendered":"CAAR &#8211; Cl\u00faster de Automoci\u00f3n de Arag\u00f3n"},"content":{"rendered":"<p>Cl\u00faster de automoci\u00f3n de Arag\u00f3n \u2013 CAAR\u00a0\u00a0\u00a0 <a href=\"http:\/\/www.caaragon.com\/\">http:\/\/www.caaragon.com\/<\/a><\/p>\n<p>El <strong>Cl\u00faster de Automoci\u00f3n de Arag\u00f3n<\/strong>, en adelante <strong>CAAR<\/strong>, es una asociaci\u00f3n sin \u00e1nimo de lucro de car\u00e1cter privado e independiente que responde a la concentraci\u00f3n de industrias dedicadas al sector de la automoci\u00f3n en Arag\u00f3n, agrupando a una parte considerable de las industrias dedicadas a la fabricaci\u00f3n de componentes de automoci\u00f3n en Arag\u00f3n, as\u00ed como otras empresas directamente relacionadas con esta cadena de valor.<\/p>\n<p>De acuerdo con su acta fundacional, sus objetivos son:<\/p>\n<ul>\n<li>Promover la cooperaci\u00f3n y colaboraci\u00f3n en proyectos entre empresas del sector de automoci\u00f3n de Arag\u00f3n mejorando la eficiencia de sus operaciones.<\/li>\n<li>Fomentar la I+D+i del sector de automoci\u00f3n en Arag\u00f3n y promover la explotaci\u00f3n de nuevas tecnolog\u00edas.<\/li>\n<li>Mejorar en la gesti\u00f3n y formaci\u00f3n de los Recursos Humanos.<\/li>\n<li>Mejorar la competitividad de sus empresas.<\/li>\n<\/ul>\n","protected":false},"excerpt":{"rendered":"<p>Cl\u00faster de automoci\u00f3n de Arag\u00f3n \u2013 CAAR\u00a0\u00a0\u00a0 http:\/\/www.caaragon.com\/ El Cl\u00faster de Automoci\u00f3n de Arag\u00f3n, en adelante CAAR, es una asociaci\u00f3n sin \u00e1nimo de lucro de car\u00e1cter privado e independiente que &hellip; <\/p>\n<p class=\"link-more\"><a href=\"https:\/\/aragonindustria40.es\/index.php\/cluster\/caar-cluster-de-automocion-de-aragon\/\" class=\"more-link\">Continuar leyendo<span class=\"screen-reader-text\"> \u00abCAAR &#8211; Cl\u00faster de Automoci\u00f3n de Arag\u00f3n\u00bb<\/span><\/a><\/p>\n","protected":false},"author":4,"featured_media":608,"comment_status":"open","ping_status":"open","sticky":false,"template":"","format":"standard","meta":{"_acf_changed":false,"jetpack_post_was_ever_published":false,"_jetpack_newsletter_access":"","_jetpack_dont_email_post_to_subs":false,"_jetpack_newsletter_tier_id":0,"_jetpack_memberships_contains_paywalled_content":false,"_jetpack_memberships_contains_paid_content":false,"footnotes":"","jetpack_publicize_message":"","jetpack_publicize_feature_enabled":true,"jetpack_social_post_already_shared":false,"jetpack_social_options":{"image_generator_settings":{"template":"highway","default_image_id":0,"font":"","enabled":false},"version":2}},"categories":[46],"tags":[],"class_list":["post-626","post","type-post","status-publish","format-standard","has-post-thumbnail","hentry","category-cluster"],"acf":[],"jetpack_publicize_connections":[],"jetpack_featured_media_url":"https:\/\/i0.wp.com\/aragonindustria40.es\/wp-content\/uploads\/2017\/03\/logo_caar.gif?fit=150%2C70&ssl=1","jetpack_sharing_enabled":true,"jetpack_shortlink":"https:\/\/wp.me\/p9QsgV-a6","_links":{"self":[{"href":"https:\/\/aragonindustria40.es\/index.php\/wp-json\/wp\/v2\/posts\/626","targetHints":{"allow":["GET"]}}],"collection":[{"href":"https:\/\/aragonindustria40.es\/index.php\/wp-json\/wp\/v2\/posts"}],"about":[{"href":"https:\/\/aragonindustria40.es\/index.php\/wp-json\/wp\/v2\/types\/post"}],"author":[{"embeddable":true,"href":"https:\/\/aragonindustria40.es\/index.php\/wp-json\/wp\/v2\/users\/4"}],"replies":[{"embeddable":true,"href":"https:\/\/aragonindustria40.es\/index.php\/wp-json\/wp\/v2\/comments?post=626"}],"version-history":[{"count":2,"href":"https:\/\/aragonindustria40.es\/index.php\/wp-json\/wp\/v2\/posts\/626\/revisions"}],"predecessor-version":[{"id":1098,"href":"https:\/\/aragonindustria40.es\/index.php\/wp-json\/wp\/v2\/posts\/626\/revisions\/1098"}],"wp:featuredmedia":[{"embeddable":true,"href":"https:\/\/aragonindustria40.es\/index.php\/wp-json\/wp\/v2\/media\/608"}],"wp:attachment":[{"href":"https:\/\/aragonindustria40.es\/index.php\/wp-json\/wp\/v2\/media?parent=626"}],"wp:term":[{"taxonomy":"category","embeddable":true,"href":"https:\/\/aragonindustria40.es\/index.php\/wp-json\/wp\/v2\/categories?post=626"},{"taxonomy":"post_tag","embeddable":true,"href":"https:\/\/aragonindustria40.es\/index.php\/wp-json\/wp\/v2\/tags?post=626"}],"curies":[{"name":"wp","href":"https:\/\/api.w.org\/{rel}","templated":true}]}}